{"id":4857,"date":"2025-05-20T11:22:57","date_gmt":"2025-05-20T09:22:57","guid":{"rendered":"https:\/\/cdrterra.de\/?p=4857"},"modified":"2025-06-05T11:44:16","modified_gmt":"2025-06-05T09:44:16","slug":"webinar-cdr-needs-debate","status":"publish","type":"post","link":"https:\/\/cdrterra.de\/en\/news\/webinar-cdr-needs-debate\/","title":{"rendered":"Webinar: CDR needs debate"},"content":{"rendered":" <div class=\"block block--image  margin-bottom\" id=\"block_e3b4a56a8cc2a983250ff1acef5bb07d\" data-id=\"\">\n\n\n\t<div class=\"container container--small js-fade js-fade-up\">\n\n\n\t\t\t\t\n\n\t\t\t<figure>\n\n\t\t\t\t<div class=\"relative\">\n\n\t\t\t\t\t\n\t\t\t\t\t\t<img decoding=\"async\" src=\"https:\/\/cdrterra.de\/wp-content\/uploads\/2022\/11\/cdrterra-stepsec-1-landnutzung-1-aspect-ratio-4-3-800x600.jpg\"\n\t\t\t\t\t\t\tsrcset=\"https:\/\/cdrterra.de\/wp-content\/uploads\/2022\/11\/cdrterra-stepsec-1-landnutzung-1-aspect-ratio-4-3.jpg 1600w,\n\t\t\t\t\t\t\t\t\thttps:\/\/cdrterra.de\/wp-content\/uploads\/2022\/11\/cdrterra-stepsec-1-landnutzung-1-aspect-ratio-4-3.jpg 1400w,\n\t\t\t\t\t\t\t\t\thttps:\/\/cdrterra.de\/wp-content\/uploads\/2022\/11\/cdrterra-stepsec-1-landnutzung-1-aspect-ratio-4-3.jpg 1200w,\n\t\t\t\t\t\t\t\t\thttps:\/\/cdrterra.de\/wp-content\/uploads\/2022\/11\/cdrterra-stepsec-1-landnutzung-1-aspect-ratio-4-3-1024x768.jpg 1024w,\n\t\t\t\t\t\t\t\t\thttps:\/\/cdrterra.de\/wp-content\/uploads\/2022\/11\/cdrterra-stepsec-1-landnutzung-1-aspect-ratio-4-3-800x600.jpg 800w,\n\t\t\t\t\t\t\t\t\thttps:\/\/cdrterra.de\/wp-content\/uploads\/2022\/11\/cdrterra-stepsec-1-landnutzung-1-aspect-ratio-4-3-680x510.jpg 680w,\n\t\t\t\t\t\t\t\t\thttps:\/\/cdrterra.de\/wp-content\/uploads\/2022\/11\/cdrterra-stepsec-1-landnutzung-1-aspect-ratio-4-3-560x420.jpg 560w\" \n\t\t\t\t\t\t\tsizes=\"auto, (min-width:1001px) 912px, 95vw\" \n\t\t\t\t\t\t\t\t\t\t\t\t\t\t\twidth=\"1168\" height=\"876\"\n\t\t\t\t\t\t\t class=\"one-whole\"\n\t\t\t\t\t\t\tloading=\"lazy\" alt=\"\">\n\n\t\t\t\t\t\t\t\t\t\t\t<\/a>\n\t\t\t\t\t\n\t\t\t\t\t\n\t\t\t\t \t\t<div class=\"image-caption\">\n\t\t\t\t \t\t\t<p class=\"copyright-icon\">\u00a9<\/p>\n\t\t\t\t \t\t\t<div class=\"copyright-info\">\n\t\t\t\t \t\t\t\t<p class=\"caption-item\">\u00a9 Julia Pongratz<\/p>\n\t\t\t\t \t\t\t<\/div>\n\t\t\t\t \t\t<\/div>\n\n\t\t\t\t \t\n\t\t\t\t<\/div>\n\n\t\t\t\t\n\t\t\t<\/figure>\n\n\t\t\n\t<\/div>\n\n<\/div>\n\n <div class=\"block block--text  none\" id=\"block_31d0a00e2893be8631ef5eea6414bbf2\" data-id=\"\">\n\n\n\t<div class=\"container container--small js-fade js-fade-up\">\n\n\t\t<p>How can carbon dioxide removal (CDR) be anchored in society? This question is the focus of a CDRterra webinar on June 4, 2025 from 14:00 to 15:00. CDR will be necessary to achieve the climate targets &#8211; but there is still no broad societal discussion about it. The webinar will address this challenge and provide ideas for an open, informed and fair debate on the topic.<\/p>\n<p>The starting point is CDRterra&#8217;s new policy brief, which formulates specific recommendations on information, participation and policy design. In the webinar, our experts will provide insights into key statements from the policy brief and discuss with participants why CDR is not just a technical challenge, but above all a social one.<\/p>\n\n\t<\/div>\n\n<\/div>\n\n <div class=\"block block--button  margin-bottom\" id=\"block_7137dc4c9a110f987f1a7a3b7db082b4\" data-id=\"\">\n\n\t<div class=\"container container--small text--left\">\n\n\n\t\t\n\t\t\t<div class=\"\">\n\t\t\t\t<a href=\"https:\/\/zenodo.org\/records\/15471579\" target=\"_blank\" class=\"btn\">\n\t\t\t\t\tTo the policy brief: &#8220;Erfolgsentscheidend: Eine gesellschaftliche Debatte \u00fcber das Ob und Wie einer CO2-Entnahme im gro\u00dfen Ma\u00dfstab&#8221;\t\t\t\t<\/a>\n\t\t\t<\/div>\n\n\t\t\n\t\t\n\n\t<\/div>\n<\/div>\n\n <div class=\"block block--text  none\" id=\"block_7696b5ff38c9a540ab90ca5921c0e23f\" data-id=\"\">\n\n\n\t<div class=\"container container--small js-fade js-fade-up\">\n\n\t\t<h3>Focus of the webinar:<\/h3>\n<ul>\n<li>Why a public debate on CDR is needed now<\/li>\n<li>How participation succeeds and trust is created<\/li>\n<li>What politics and research can contribute to social anchoring<\/li>\n<\/ul>\n<h3>With following CDRterra experts:<\/h3>\n<ul>\n<li>Dr. Juliane El Zohbi from GERICS &#8211; Climate Service Centre Germany<br \/>\nResearcher in the CDRSynTra project on the use of CO<sub>2<\/sub> removal in agriculture<\/li>\n<li>Dr. Maximilian Witting from the Ludwig-Maximilians-Universit\u00e4t (LMU) Munich<br \/>\nResearcher in the STEPSEC project on the potential and limits of land-based CO<sub>2<\/sub> removal<\/li>\n<li>Dr. Nils Matzner from the Technical University of Munich (TUM) &amp; the Helmholtz Centre for Environmental Research Leipzig (UFZ)<br \/>\nResearcher in the BioNET project on the social science aspects of biomass-based CO<sub>2<\/sub> removal<\/li>\n<\/ul>\n<h3>Agenda<\/h3>\n<ul>\n<li>Welcome<\/li>\n<li>Introduction of the speakers &amp; short impulse<\/li>\n<li>Insight into the key messages of the policy brief<\/li>\n<li>Open discussion and Q&amp;A session<\/li>\n<\/ul>\n<p><strong>Date:<\/strong> June 4, 2025<br \/>\n<strong>Time:<\/strong> 14:00-15:00<br \/>\n<strong>Location:<\/strong> Online (Zoom)<\/p>\n<p>We look forward to your participation and perspective!<\/p>\n\n\t<\/div>\n\n<\/div>\n\n <div class=\"block block--button  none\" id=\"block_29e97c5db61e5b920fb0bb50f798f00e\" data-id=\"\">\n\n\t<div class=\"container container--small text--left\">\n\n\n\t\t\n\t\t\t<div class=\"\">\n\t\t\t\t<a href=\"https:\/\/doo.net\/de-de\/widget\/190017\/buchung?booking_widget_config_name=booking-16290-85080&#038;organizerId=16290&#038;locale=de-de\" target=\"_self\" class=\"btn\">\n\t\t\t\t\tRegistration and participation\t\t\t\t<\/a>\n\t\t\t<\/div>\n\n\t\t\n\t\t\n\n\t<\/div>\n<\/div>","protected":false},"excerpt":{"rendered":"<p>How can an informed and fair debate on CDR succeed? The CDRterra webinar on June 4 (2 &#8211; 3 pm) offers insights into current recommendations and invites you to discuss the social challenges of CDR. Register now!<\/p>\n","protected":false},"author":6,"featured_media":1413,"comment_status":"closed","ping_status":"closed","sticky":false,"template":"","format":"standard","meta":{"_acf_changed":false,"footnotes":""},"categories":[150],"tags":[210],"class_list":["post-4857","post","type-post","status-publish","format-standard","has-post-thumbnail","hentry","category-events-en","tag-online-event-2"],"acf":[],"yoast_head":"<!-- This site is optimized with the Yoast SEO plugin v27.4 - https:\/\/yoast.com\/product\/yoast-seo-wordpress\/ -->\n<title>Webinar: CDR needs debate - CDRterra<\/title>\n<meta name=\"robots\" content=\"index, follow, max-snippet:-1, max-image-preview:large, max-video-preview:-1\" \/>\n<link rel=\"canonical\" href=\"https:\/\/cdrterra.de\/en\/news\/webinar-cdr-needs-debate\/\" \/>\n<meta property=\"og:locale\" content=\"en_US\" \/>\n<meta property=\"og:type\" content=\"article\" \/>\n<meta property=\"og:title\" content=\"Webinar: CDR needs debate - CDRterra\" \/>\n<meta property=\"og:description\" content=\"How can an informed and fair debate on CDR succeed? The CDRterra webinar on June 4 (2 - 3 pm) offers insights into current recommendations and invites you to discuss the social challenges of CDR. Register now!\" \/>\n<meta property=\"og:url\" content=\"https:\/\/cdrterra.de\/en\/news\/webinar-cdr-needs-debate\/\" \/>\n<meta property=\"og:site_name\" content=\"CDRterra\" \/>\n<meta property=\"article:published_time\" content=\"2025-05-20T09:22:57+00:00\" \/>\n<meta property=\"article:modified_time\" content=\"2025-06-05T09:44:16+00:00\" \/>\n<meta property=\"og:image\" content=\"https:\/\/cdrterra.de\/wp-content\/uploads\/2022\/11\/cdrterra-stepsec-1-landnutzung-1-aspect-ratio-4-3.jpg\" \/>\n\t<meta property=\"og:image:width\" content=\"1168\" \/>\n\t<meta property=\"og:image:height\" content=\"876\" \/>\n\t<meta property=\"og:image:type\" content=\"image\/jpeg\" \/>\n<meta name=\"author\" content=\"Laura Schl\u00fcter\" \/>\n<meta name=\"twitter:card\" content=\"summary_large_image\" \/>\n<meta name=\"twitter:label1\" content=\"Written by\" \/>\n\t<meta name=\"twitter:data1\" content=\"Laura Schl\u00fcter\" \/>\n\t<meta name=\"twitter:label2\" content=\"Est. reading time\" \/>\n\t<meta name=\"twitter:data2\" content=\"3 minutes\" \/>\n<script type=\"application\/ld+json\" class=\"yoast-schema-graph\">{\"@context\":\"https:\\\/\\\/schema.org\",\"@graph\":[{\"@type\":\"Article\",\"@id\":\"https:\\\/\\\/cdrterra.de\\\/en\\\/news\\\/webinar-cdr-needs-debate\\\/#article\",\"isPartOf\":{\"@id\":\"https:\\\/\\\/cdrterra.de\\\/en\\\/news\\\/webinar-cdr-needs-debate\\\/\"},\"author\":{\"name\":\"Laura Schl\u00fcter\",\"@id\":\"https:\\\/\\\/cdrterra.de\\\/#\\\/schema\\\/person\\\/1ab8f6c8640706585b52a925348cf349\"},\"headline\":\"Webinar: CDR needs debate\",\"datePublished\":\"2025-05-20T09:22:57+00:00\",\"dateModified\":\"2025-06-05T09:44:16+00:00\",\"mainEntityOfPage\":{\"@id\":\"https:\\\/\\\/cdrterra.de\\\/en\\\/news\\\/webinar-cdr-needs-debate\\\/\"},\"wordCount\":4,\"publisher\":{\"@id\":\"https:\\\/\\\/cdrterra.de\\\/#organization\"},\"image\":{\"@id\":\"https:\\\/\\\/cdrterra.de\\\/en\\\/news\\\/webinar-cdr-needs-debate\\\/#primaryimage\"},\"thumbnailUrl\":\"https:\\\/\\\/cdrterra.de\\\/wp-content\\\/uploads\\\/2022\\\/11\\\/cdrterra-stepsec-1-landnutzung-1-aspect-ratio-4-3.jpg\",\"keywords\":[\"Online-Event\"],\"articleSection\":[\"Events\"],\"inLanguage\":\"en-US\"},{\"@type\":\"WebPage\",\"@id\":\"https:\\\/\\\/cdrterra.de\\\/en\\\/news\\\/webinar-cdr-needs-debate\\\/\",\"url\":\"https:\\\/\\\/cdrterra.de\\\/en\\\/news\\\/webinar-cdr-needs-debate\\\/\",\"name\":\"Webinar: CDR needs debate - CDRterra\",\"isPartOf\":{\"@id\":\"https:\\\/\\\/cdrterra.de\\\/#website\"},\"primaryImageOfPage\":{\"@id\":\"https:\\\/\\\/cdrterra.de\\\/en\\\/news\\\/webinar-cdr-needs-debate\\\/#primaryimage\"},\"image\":{\"@id\":\"https:\\\/\\\/cdrterra.de\\\/en\\\/news\\\/webinar-cdr-needs-debate\\\/#primaryimage\"},\"thumbnailUrl\":\"https:\\\/\\\/cdrterra.de\\\/wp-content\\\/uploads\\\/2022\\\/11\\\/cdrterra-stepsec-1-landnutzung-1-aspect-ratio-4-3.jpg\",\"datePublished\":\"2025-05-20T09:22:57+00:00\",\"dateModified\":\"2025-06-05T09:44:16+00:00\",\"breadcrumb\":{\"@id\":\"https:\\\/\\\/cdrterra.de\\\/en\\\/news\\\/webinar-cdr-needs-debate\\\/#breadcrumb\"},\"inLanguage\":\"en-US\",\"potentialAction\":[{\"@type\":\"ReadAction\",\"target\":[\"https:\\\/\\\/cdrterra.de\\\/en\\\/news\\\/webinar-cdr-needs-debate\\\/\"]}]},{\"@type\":\"ImageObject\",\"inLanguage\":\"en-US\",\"@id\":\"https:\\\/\\\/cdrterra.de\\\/en\\\/news\\\/webinar-cdr-needs-debate\\\/#primaryimage\",\"url\":\"https:\\\/\\\/cdrterra.de\\\/wp-content\\\/uploads\\\/2022\\\/11\\\/cdrterra-stepsec-1-landnutzung-1-aspect-ratio-4-3.jpg\",\"contentUrl\":\"https:\\\/\\\/cdrterra.de\\\/wp-content\\\/uploads\\\/2022\\\/11\\\/cdrterra-stepsec-1-landnutzung-1-aspect-ratio-4-3.jpg\",\"width\":1168,\"height\":876},{\"@type\":\"BreadcrumbList\",\"@id\":\"https:\\\/\\\/cdrterra.de\\\/en\\\/news\\\/webinar-cdr-needs-debate\\\/#breadcrumb\",\"itemListElement\":[{\"@type\":\"ListItem\",\"position\":1,\"name\":\"Startseite\",\"item\":\"https:\\\/\\\/cdrterra.de\\\/en\\\/\"},{\"@type\":\"ListItem\",\"position\":2,\"name\":\"Webinar: CDR needs debate\"}]},{\"@type\":\"WebSite\",\"@id\":\"https:\\\/\\\/cdrterra.de\\\/#website\",\"url\":\"https:\\\/\\\/cdrterra.de\\\/\",\"name\":\"CDRterra\",\"description\":\"\",\"publisher\":{\"@id\":\"https:\\\/\\\/cdrterra.de\\\/#organization\"},\"potentialAction\":[{\"@type\":\"SearchAction\",\"target\":{\"@type\":\"EntryPoint\",\"urlTemplate\":\"https:\\\/\\\/cdrterra.de\\\/?s={search_term_string}\"},\"query-input\":{\"@type\":\"PropertyValueSpecification\",\"valueRequired\":true,\"valueName\":\"search_term_string\"}}],\"inLanguage\":\"en-US\"},{\"@type\":\"Organization\",\"@id\":\"https:\\\/\\\/cdrterra.de\\\/#organization\",\"name\":\"CDRterra\",\"url\":\"https:\\\/\\\/cdrterra.de\\\/\",\"logo\":{\"@type\":\"ImageObject\",\"inLanguage\":\"en-US\",\"@id\":\"https:\\\/\\\/cdrterra.de\\\/#\\\/schema\\\/logo\\\/image\\\/\",\"url\":\"https:\\\/\\\/cdrterra.de\\\/wp-content\\\/uploads\\\/2026\\\/04\\\/Mainlogo_CDRterra_RGB.svg\",\"contentUrl\":\"https:\\\/\\\/cdrterra.de\\\/wp-content\\\/uploads\\\/2026\\\/04\\\/Mainlogo_CDRterra_RGB.svg\",\"caption\":\"CDRterra\"},\"image\":{\"@id\":\"https:\\\/\\\/cdrterra.de\\\/#\\\/schema\\\/logo\\\/image\\\/\"}},{\"@type\":\"Person\",\"@id\":\"https:\\\/\\\/cdrterra.de\\\/#\\\/schema\\\/person\\\/1ab8f6c8640706585b52a925348cf349\",\"name\":\"Laura Schl\u00fcter\",\"image\":{\"@type\":\"ImageObject\",\"inLanguage\":\"en-US\",\"@id\":\"https:\\\/\\\/secure.gravatar.com\\\/avatar\\\/3599bd54112686168c482d09c84b6d0ca10fb6bbc237cde0050363ea5a28af13?s=96&d=mm&r=g\",\"url\":\"https:\\\/\\\/secure.gravatar.com\\\/avatar\\\/3599bd54112686168c482d09c84b6d0ca10fb6bbc237cde0050363ea5a28af13?s=96&d=mm&r=g\",\"contentUrl\":\"https:\\\/\\\/secure.gravatar.com\\\/avatar\\\/3599bd54112686168c482d09c84b6d0ca10fb6bbc237cde0050363ea5a28af13?s=96&d=mm&r=g\",\"caption\":\"Laura Schl\u00fcter\"}}]}<\/script>\n<!-- \/ Yoast SEO plugin. -->","yoast_head_json":{"title":"Webinar: CDR needs debate - CDRterra","robots":{"index":"index","follow":"follow","max-snippet":"max-snippet:-1","max-image-preview":"max-image-preview:large","max-video-preview":"max-video-preview:-1"},"canonical":"https:\/\/cdrterra.de\/en\/news\/webinar-cdr-needs-debate\/","og_locale":"en_US","og_type":"article","og_title":"Webinar: CDR needs debate - CDRterra","og_description":"How can an informed and fair debate on CDR succeed? The CDRterra webinar on June 4 (2 - 3 pm) offers insights into current recommendations and invites you to discuss the social challenges of CDR. Register now!","og_url":"https:\/\/cdrterra.de\/en\/news\/webinar-cdr-needs-debate\/","og_site_name":"CDRterra","article_published_time":"2025-05-20T09:22:57+00:00","article_modified_time":"2025-06-05T09:44:16+00:00","og_image":[{"width":1168,"height":876,"url":"https:\/\/cdrterra.de\/wp-content\/uploads\/2022\/11\/cdrterra-stepsec-1-landnutzung-1-aspect-ratio-4-3.jpg","type":"image\/jpeg"}],"author":"Laura Schl\u00fcter","twitter_card":"summary_large_image","twitter_misc":{"Written by":"Laura Schl\u00fcter","Est. reading time":"3 minutes"},"schema":{"@context":"https:\/\/schema.org","@graph":[{"@type":"Article","@id":"https:\/\/cdrterra.de\/en\/news\/webinar-cdr-needs-debate\/#article","isPartOf":{"@id":"https:\/\/cdrterra.de\/en\/news\/webinar-cdr-needs-debate\/"},"author":{"name":"Laura Schl\u00fcter","@id":"https:\/\/cdrterra.de\/#\/schema\/person\/1ab8f6c8640706585b52a925348cf349"},"headline":"Webinar: CDR needs debate","datePublished":"2025-05-20T09:22:57+00:00","dateModified":"2025-06-05T09:44:16+00:00","mainEntityOfPage":{"@id":"https:\/\/cdrterra.de\/en\/news\/webinar-cdr-needs-debate\/"},"wordCount":4,"publisher":{"@id":"https:\/\/cdrterra.de\/#organization"},"image":{"@id":"https:\/\/cdrterra.de\/en\/news\/webinar-cdr-needs-debate\/#primaryimage"},"thumbnailUrl":"https:\/\/cdrterra.de\/wp-content\/uploads\/2022\/11\/cdrterra-stepsec-1-landnutzung-1-aspect-ratio-4-3.jpg","keywords":["Online-Event"],"articleSection":["Events"],"inLanguage":"en-US"},{"@type":"WebPage","@id":"https:\/\/cdrterra.de\/en\/news\/webinar-cdr-needs-debate\/","url":"https:\/\/cdrterra.de\/en\/news\/webinar-cdr-needs-debate\/","name":"Webinar: CDR needs debate - CDRterra","isPartOf":{"@id":"https:\/\/cdrterra.de\/#website"},"primaryImageOfPage":{"@id":"https:\/\/cdrterra.de\/en\/news\/webinar-cdr-needs-debate\/#primaryimage"},"image":{"@id":"https:\/\/cdrterra.de\/en\/news\/webinar-cdr-needs-debate\/#primaryimage"},"thumbnailUrl":"https:\/\/cdrterra.de\/wp-content\/uploads\/2022\/11\/cdrterra-stepsec-1-landnutzung-1-aspect-ratio-4-3.jpg","datePublished":"2025-05-20T09:22:57+00:00","dateModified":"2025-06-05T09:44:16+00:00","breadcrumb":{"@id":"https:\/\/cdrterra.de\/en\/news\/webinar-cdr-needs-debate\/#breadcrumb"},"inLanguage":"en-US","potentialAction":[{"@type":"ReadAction","target":["https:\/\/cdrterra.de\/en\/news\/webinar-cdr-needs-debate\/"]}]},{"@type":"ImageObject","inLanguage":"en-US","@id":"https:\/\/cdrterra.de\/en\/news\/webinar-cdr-needs-debate\/#primaryimage","url":"https:\/\/cdrterra.de\/wp-content\/uploads\/2022\/11\/cdrterra-stepsec-1-landnutzung-1-aspect-ratio-4-3.jpg","contentUrl":"https:\/\/cdrterra.de\/wp-content\/uploads\/2022\/11\/cdrterra-stepsec-1-landnutzung-1-aspect-ratio-4-3.jpg","width":1168,"height":876},{"@type":"BreadcrumbList","@id":"https:\/\/cdrterra.de\/en\/news\/webinar-cdr-needs-debate\/#breadcrumb","itemListElement":[{"@type":"ListItem","position":1,"name":"Startseite","item":"https:\/\/cdrterra.de\/en\/"},{"@type":"ListItem","position":2,"name":"Webinar: CDR needs debate"}]},{"@type":"WebSite","@id":"https:\/\/cdrterra.de\/#website","url":"https:\/\/cdrterra.de\/","name":"CDRterra","description":"","publisher":{"@id":"https:\/\/cdrterra.de\/#organization"},"potentialAction":[{"@type":"SearchAction","target":{"@type":"EntryPoint","urlTemplate":"https:\/\/cdrterra.de\/?s={search_term_string}"},"query-input":{"@type":"PropertyValueSpecification","valueRequired":true,"valueName":"search_term_string"}}],"inLanguage":"en-US"},{"@type":"Organization","@id":"https:\/\/cdrterra.de\/#organization","name":"CDRterra","url":"https:\/\/cdrterra.de\/","logo":{"@type":"ImageObject","inLanguage":"en-US","@id":"https:\/\/cdrterra.de\/#\/schema\/logo\/image\/","url":"https:\/\/cdrterra.de\/wp-content\/uploads\/2026\/04\/Mainlogo_CDRterra_RGB.svg","contentUrl":"https:\/\/cdrterra.de\/wp-content\/uploads\/2026\/04\/Mainlogo_CDRterra_RGB.svg","caption":"CDRterra"},"image":{"@id":"https:\/\/cdrterra.de\/#\/schema\/logo\/image\/"}},{"@type":"Person","@id":"https:\/\/cdrterra.de\/#\/schema\/person\/1ab8f6c8640706585b52a925348cf349","name":"Laura Schl\u00fcter","image":{"@type":"ImageObject","inLanguage":"en-US","@id":"https:\/\/secure.gravatar.com\/avatar\/3599bd54112686168c482d09c84b6d0ca10fb6bbc237cde0050363ea5a28af13?s=96&d=mm&r=g","url":"https:\/\/secure.gravatar.com\/avatar\/3599bd54112686168c482d09c84b6d0ca10fb6bbc237cde0050363ea5a28af13?s=96&d=mm&r=g","contentUrl":"https:\/\/secure.gravatar.com\/avatar\/3599bd54112686168c482d09c84b6d0ca10fb6bbc237cde0050363ea5a28af13?s=96&d=mm&r=g","caption":"Laura Schl\u00fcter"}}]}},"_links":{"self":[{"href":"https:\/\/cdrterra.de\/en\/wp-json\/wp\/v2\/posts\/4857","targetHints":{"allow":["GET"]}}],"collection":[{"href":"https:\/\/cdrterra.de\/en\/wp-json\/wp\/v2\/posts"}],"about":[{"href":"https:\/\/cdrterra.de\/en\/wp-json\/wp\/v2\/types\/post"}],"author":[{"embeddable":true,"href":"https:\/\/cdrterra.de\/en\/wp-json\/wp\/v2\/users\/6"}],"replies":[{"embeddable":true,"href":"https:\/\/cdrterra.de\/en\/wp-json\/wp\/v2\/comments?post=4857"}],"version-history":[{"count":3,"href":"https:\/\/cdrterra.de\/en\/wp-json\/wp\/v2\/posts\/4857\/revisions"}],"predecessor-version":[{"id":4907,"href":"https:\/\/cdrterra.de\/en\/wp-json\/wp\/v2\/posts\/4857\/revisions\/4907"}],"wp:featuredmedia":[{"embeddable":true,"href":"https:\/\/cdrterra.de\/en\/wp-json\/wp\/v2\/media\/1413"}],"wp:attachment":[{"href":"https:\/\/cdrterra.de\/en\/wp-json\/wp\/v2\/media?parent=4857"}],"wp:term":[{"taxonomy":"category","embeddable":true,"href":"https:\/\/cdrterra.de\/en\/wp-json\/wp\/v2\/categories?post=4857"},{"taxonomy":"post_tag","embeddable":true,"href":"https:\/\/cdrterra.de\/en\/wp-json\/wp\/v2\/tags?post=4857"}],"curies":[{"name":"wp","href":"https:\/\/api.w.org\/{rel}","templated":true}]}}